{"id":9040,"date":"2018-07-13T12:38:36","date_gmt":"2018-07-13T10:38:36","guid":{"rendered":"http:\/\/www.martinlovenfosse.com\/prochaine-expo-louis-armstrong-a-lhonneur\/"},"modified":"2018-07-16T16:39:57","modified_gmt":"2018-07-16T14:39:57","slug":"prochaine-expo-louis-armstrong-a-lhonneur","status":"publish","type":"post","link":"https:\/\/www.martinlovenfosse.com\/en\/prochaine-expo-louis-armstrong-a-lhonneur\/","title":{"rendered":"Prochaine expo : Louis Armstrong \u00e0 l&#8217;honneur \u00e0 La Chapellerie"},"content":{"rendered":"<p><strong>La prochaine expo de Martin Lovenfosse se tiendra au restaurant La Chapellerie \u00e0 partir du 26 juillet, avec pour th\u00e9matique : les trompettistes. Louis Armstrong sera mis \u00e0 l&#8217;honneur.<\/strong><\/p>\n<p>Louis Armstrong, n\u00e9 dans une famille noire pauvre en 1901 \u00e0\u00a0la Nouvelle-Orl\u00e9ans, est \u00a0trompettiste, chanteur, compositeur, acteur.<br \/>\nA 13 ans, il apprend \u00e0\u00a0jouer du cornet \u00e0\u00a0piston gr\u00e2ce \u00e0\u00a0un instrument offert par une famille juive Russe voisine, qui s\u2019\u00e9tait prise d\u2019affection pour lui.<br \/>\nA 17 ans, il commence \u00e0\u00a0se produire sur les bateaux \u00e0\u00a0vapeur.<br \/>\nLa suite, on la conna\u00eet: son timbre de voix, ses compositions, ses duos avec Ella Fitzgerald&#8230;<br \/>\nL\u2019influence d\u2019Armstrong sur le d\u00e9veloppement du Jazz est sans pareil, il d\u00e9c\u00e8de le 6\u00a0juillet 1971 \u00e0\u00a0New-York.<br \/>\nSa trompette inspire l&#8217;artiste peintre\u00a0Martin Lovenfosse.<\/p>\n<p>L&#8217;exposition sera visible \u00e0 partir du 25 juillet 2018.<\/p>\n<p>La Chapellerie Restaurant<br \/>\nChauss\u00e9e de la Seigneurie 13, 4800 Petit-Rechain<br \/>\nwww.restaurantlachapellerie.be<\/p>\n","protected":false},"excerpt":{"rendered":"<p>La prochaine expo de Martin Lovenfosse se tiendra au restaurant La Chapellerie \u00e0 partir du 26 juillet, avec pour th\u00e9matique : les trompettistes. Louis Armstrong sera mis \u00e0 l&#8217;honneur. Louis Armstrong, n\u00e9 dans une famille noire pauvre en 1901 \u00e0\u00a0la Nouvelle-Orl\u00e9ans, est \u00a0trompettiste, chanteur, compositeur, acteur. A 13 ans, il apprend \u00e0\u00a0jouer du cornet \u00e0\u00a0piston [&hellip;]<\/p>\n","protected":false},"author":11,"featured_media":9030,"comment_status":"closed","ping_status":"closed","sticky":false,"template":"","format":"standard","meta":{"_acf_changed":false,"footnotes":""},"categories":[89],"tags":[],"class_list":["post-9040","post","type-post","status-publish","format-standard","has-post-thumbnail","hentry","category-uncategorized"],"acf":[],"yoast_head":"<!-- This site is optimized with the Yoast SEO plugin v20.6 - https:\/\/yoast.com\/wordpress\/plugins\/seo\/ -->\n<title>Prochaine expo : Louis Armstrong \u00e0 l&#039;honneur \u00e0 La Chapellerie - Martin Lovenfosse<\/title>\n<meta name=\"robots\" content=\"index, follow, max-snippet:-1, max-image-preview:large, max-video-preview:-1\" \/>\n<link rel=\"canonical\" href=\"https:\/\/www.martinlovenfosse.com\/en\/prochaine-expo-louis-armstrong-a-lhonneur\/\" \/>\n<meta property=\"og:locale\" content=\"en_US\" \/>\n<meta property=\"og:type\" content=\"article\" \/>\n<meta property=\"og:title\" content=\"Prochaine expo : Louis Armstrong \u00e0 l&#039;honneur \u00e0 La Chapellerie - Martin Lovenfosse\" \/>\n<meta property=\"og:description\" content=\"La prochaine expo de Martin Lovenfosse se tiendra au restaurant La Chapellerie \u00e0 partir du 26 juillet, avec pour th\u00e9matique : les trompettistes. Louis Armstrong sera mis \u00e0 l&#8217;honneur. Louis Armstrong, n\u00e9 dans une famille noire pauvre en 1901 \u00e0\u00a0la Nouvelle-Orl\u00e9ans, est \u00a0trompettiste, chanteur, compositeur, acteur. A 13 ans, il apprend \u00e0\u00a0jouer du cornet \u00e0\u00a0piston [&hellip;]\" \/>\n<meta property=\"og:url\" content=\"https:\/\/www.martinlovenfosse.com\/en\/prochaine-expo-louis-armstrong-a-lhonneur\/\" \/>\n<meta property=\"og:site_name\" content=\"Martin Lovenfosse\" \/>\n<meta property=\"article:published_time\" content=\"2018-07-13T10:38:36+00:00\" \/>\n<meta property=\"article:modified_time\" content=\"2018-07-16T14:39:57+00:00\" \/>\n<meta property=\"og:image\" content=\"https:\/\/www.martinlovenfosse.com\/wp-content\/uploads\/2018\/07\/louis-amstrong.jpg\" \/>\n\t<meta property=\"og:image:width\" content=\"1654\" \/>\n\t<meta property=\"og:image:height\" content=\"1260\" \/>\n\t<meta property=\"og:image:type\" content=\"image\/jpeg\" \/>\n<meta name=\"author\" content=\"tech\" \/>\n<meta name=\"twitter:card\" content=\"summary_large_image\" \/>\n<meta name=\"twitter:label1\" content=\"Written by\" \/>\n\t<meta name=\"twitter:data1\" content=\"tech\" \/>\n\t<meta name=\"twitter:label2\" content=\"Est. reading time\" \/>\n\t<meta name=\"twitter:data2\" content=\"1 minute\" \/>\n<script type=\"application\/ld+json\" class=\"yoast-schema-graph\">{\"@context\":\"https:\/\/schema.org\",\"@graph\":[{\"@type\":\"WebPage\",\"@id\":\"https:\/\/www.martinlovenfosse.com\/en\/prochaine-expo-louis-armstrong-a-lhonneur\/\",\"url\":\"https:\/\/www.martinlovenfosse.com\/en\/prochaine-expo-louis-armstrong-a-lhonneur\/\",\"name\":\"Prochaine expo : Louis Armstrong \u00e0 l'honneur \u00e0 La Chapellerie - Martin Lovenfosse\",\"isPartOf\":{\"@id\":\"https:\/\/www.martinlovenfosse.com\/#website\"},\"datePublished\":\"2018-07-13T10:38:36+00:00\",\"dateModified\":\"2018-07-16T14:39:57+00:00\",\"author\":{\"@id\":\"https:\/\/www.martinlovenfosse.com\/#\/schema\/person\/d973794bf13116b07adc45d2e25d86b7\"},\"breadcrumb\":{\"@id\":\"https:\/\/www.martinlovenfosse.com\/en\/prochaine-expo-louis-armstrong-a-lhonneur\/#breadcrumb\"},\"inLanguage\":\"en-US\",\"potentialAction\":[{\"@type\":\"ReadAction\",\"target\":[\"https:\/\/www.martinlovenfosse.com\/en\/prochaine-expo-louis-armstrong-a-lhonneur\/\"]}]},{\"@type\":\"BreadcrumbList\",\"@id\":\"https:\/\/www.martinlovenfosse.com\/en\/prochaine-expo-louis-armstrong-a-lhonneur\/#breadcrumb\",\"itemListElement\":[{\"@type\":\"ListItem\",\"position\":1,\"name\":\"Home\",\"item\":\"https:\/\/www.martinlovenfosse.com\/en\/\"},{\"@type\":\"ListItem\",\"position\":2,\"name\":\"Prochaine expo : Louis Armstrong \u00e0 l&#8217;honneur \u00e0 La Chapellerie\"}]},{\"@type\":\"WebSite\",\"@id\":\"https:\/\/www.martinlovenfosse.com\/#website\",\"url\":\"https:\/\/www.martinlovenfosse.com\/\",\"name\":\"Martin Lovenfosse\",\"description\":\"\",\"potentialAction\":[{\"@type\":\"SearchAction\",\"target\":{\"@type\":\"EntryPoint\",\"urlTemplate\":\"https:\/\/www.martinlovenfosse.com\/?s={search_term_string}\"},\"query-input\":\"required name=search_term_string\"}],\"inLanguage\":\"en-US\"},{\"@type\":\"Person\",\"@id\":\"https:\/\/www.martinlovenfosse.com\/#\/schema\/person\/d973794bf13116b07adc45d2e25d86b7\",\"name\":\"tech\",\"image\":{\"@type\":\"ImageObject\",\"inLanguage\":\"en-US\",\"@id\":\"https:\/\/www.martinlovenfosse.com\/#\/schema\/person\/image\/\",\"url\":\"https:\/\/secure.gravatar.com\/avatar\/73bfe82f65c456ea7a4632bf0948e7d7472d378a0d0b31eaadc58c757330e54f?s=96&d=mm&r=g\",\"contentUrl\":\"https:\/\/secure.gravatar.com\/avatar\/73bfe82f65c456ea7a4632bf0948e7d7472d378a0d0b31eaadc58c757330e54f?s=96&d=mm&r=g\",\"caption\":\"tech\"}}]}<\/script>\n<!-- \/ Yoast SEO plugin. -->","yoast_head_json":{"title":"Prochaine expo : Louis Armstrong \u00e0 l'honneur \u00e0 La Chapellerie - Martin Lovenfosse","robots":{"index":"index","follow":"follow","max-snippet":"max-snippet:-1","max-image-preview":"max-image-preview:large","max-video-preview":"max-video-preview:-1"},"canonical":"https:\/\/www.martinlovenfosse.com\/en\/prochaine-expo-louis-armstrong-a-lhonneur\/","og_locale":"en_US","og_type":"article","og_title":"Prochaine expo : Louis Armstrong \u00e0 l'honneur \u00e0 La Chapellerie - Martin Lovenfosse","og_description":"La prochaine expo de Martin Lovenfosse se tiendra au restaurant La Chapellerie \u00e0 partir du 26 juillet, avec pour th\u00e9matique : les trompettistes. Louis Armstrong sera mis \u00e0 l&#8217;honneur. Louis Armstrong, n\u00e9 dans une famille noire pauvre en 1901 \u00e0\u00a0la Nouvelle-Orl\u00e9ans, est \u00a0trompettiste, chanteur, compositeur, acteur. A 13 ans, il apprend \u00e0\u00a0jouer du cornet \u00e0\u00a0piston [&hellip;]","og_url":"https:\/\/www.martinlovenfosse.com\/en\/prochaine-expo-louis-armstrong-a-lhonneur\/","og_site_name":"Martin Lovenfosse","article_published_time":"2018-07-13T10:38:36+00:00","article_modified_time":"2018-07-16T14:39:57+00:00","og_image":[{"width":1654,"height":1260,"url":"https:\/\/www.martinlovenfosse.com\/wp-content\/uploads\/2018\/07\/louis-amstrong.jpg","type":"image\/jpeg"}],"author":"tech","twitter_card":"summary_large_image","twitter_misc":{"Written by":"tech","Est. reading time":"1 minute"},"schema":{"@context":"https:\/\/schema.org","@graph":[{"@type":"WebPage","@id":"https:\/\/www.martinlovenfosse.com\/en\/prochaine-expo-louis-armstrong-a-lhonneur\/","url":"https:\/\/www.martinlovenfosse.com\/en\/prochaine-expo-louis-armstrong-a-lhonneur\/","name":"Prochaine expo : Louis Armstrong \u00e0 l'honneur \u00e0 La Chapellerie - Martin Lovenfosse","isPartOf":{"@id":"https:\/\/www.martinlovenfosse.com\/#website"},"datePublished":"2018-07-13T10:38:36+00:00","dateModified":"2018-07-16T14:39:57+00:00","author":{"@id":"https:\/\/www.martinlovenfosse.com\/#\/schema\/person\/d973794bf13116b07adc45d2e25d86b7"},"breadcrumb":{"@id":"https:\/\/www.martinlovenfosse.com\/en\/prochaine-expo-louis-armstrong-a-lhonneur\/#breadcrumb"},"inLanguage":"en-US","potentialAction":[{"@type":"ReadAction","target":["https:\/\/www.martinlovenfosse.com\/en\/prochaine-expo-louis-armstrong-a-lhonneur\/"]}]},{"@type":"BreadcrumbList","@id":"https:\/\/www.martinlovenfosse.com\/en\/prochaine-expo-louis-armstrong-a-lhonneur\/#breadcrumb","itemListElement":[{"@type":"ListItem","position":1,"name":"Home","item":"https:\/\/www.martinlovenfosse.com\/en\/"},{"@type":"ListItem","position":2,"name":"Prochaine expo : Louis Armstrong \u00e0 l&#8217;honneur \u00e0 La Chapellerie"}]},{"@type":"WebSite","@id":"https:\/\/www.martinlovenfosse.com\/#website","url":"https:\/\/www.martinlovenfosse.com\/","name":"Martin Lovenfosse","description":"","potentialAction":[{"@type":"SearchAction","target":{"@type":"EntryPoint","urlTemplate":"https:\/\/www.martinlovenfosse.com\/?s={search_term_string}"},"query-input":"required name=search_term_string"}],"inLanguage":"en-US"},{"@type":"Person","@id":"https:\/\/www.martinlovenfosse.com\/#\/schema\/person\/d973794bf13116b07adc45d2e25d86b7","name":"tech","image":{"@type":"ImageObject","inLanguage":"en-US","@id":"https:\/\/www.martinlovenfosse.com\/#\/schema\/person\/image\/","url":"https:\/\/secure.gravatar.com\/avatar\/73bfe82f65c456ea7a4632bf0948e7d7472d378a0d0b31eaadc58c757330e54f?s=96&d=mm&r=g","contentUrl":"https:\/\/secure.gravatar.com\/avatar\/73bfe82f65c456ea7a4632bf0948e7d7472d378a0d0b31eaadc58c757330e54f?s=96&d=mm&r=g","caption":"tech"}}]}},"_links":{"self":[{"href":"https:\/\/www.martinlovenfosse.com\/en\/wp-json\/wp\/v2\/posts\/9040","targetHints":{"allow":["GET"]}}],"collection":[{"href":"https:\/\/www.martinlovenfosse.com\/en\/wp-json\/wp\/v2\/posts"}],"about":[{"href":"https:\/\/www.martinlovenfosse.com\/en\/wp-json\/wp\/v2\/types\/post"}],"author":[{"embeddable":true,"href":"https:\/\/www.martinlovenfosse.com\/en\/wp-json\/wp\/v2\/users\/11"}],"replies":[{"embeddable":true,"href":"https:\/\/www.martinlovenfosse.com\/en\/wp-json\/wp\/v2\/comments?post=9040"}],"version-history":[{"count":2,"href":"https:\/\/www.martinlovenfosse.com\/en\/wp-json\/wp\/v2\/posts\/9040\/revisions"}],"predecessor-version":[{"id":9044,"href":"https:\/\/www.martinlovenfosse.com\/en\/wp-json\/wp\/v2\/posts\/9040\/revisions\/9044"}],"wp:featuredmedia":[{"embeddable":true,"href":"https:\/\/www.martinlovenfosse.com\/en\/wp-json\/wp\/v2\/media\/9030"}],"wp:attachment":[{"href":"https:\/\/www.martinlovenfosse.com\/en\/wp-json\/wp\/v2\/media?parent=9040"}],"wp:term":[{"taxonomy":"category","embeddable":true,"href":"https:\/\/www.martinlovenfosse.com\/en\/wp-json\/wp\/v2\/categories?post=9040"},{"taxonomy":"post_tag","embeddable":true,"href":"https:\/\/www.martinlovenfosse.com\/en\/wp-json\/wp\/v2\/tags?post=9040"}],"curies":[{"name":"wp","href":"https:\/\/api.w.org\/{rel}","templated":true}]}}